{"id":5827,"date":"2017-06-12T15:08:37","date_gmt":"2017-06-12T13:08:37","guid":{"rendered":"http:\/\/adoratoriperpetui.eu\/?p=5827"},"modified":"2020-06-19T01:44:40","modified_gmt":"2020-06-18T23:44:40","slug":"duhovna-obnova-u-zapresicu","status":"publish","type":"post","link":"https:\/\/www.adoratoriperpetui.eu\/hr\/duhovna-obnova-u-zapresicu\/","title":{"rendered":"Duhovna obnova u Zapre\u0161i\u0107u"},"content":{"rendered":"\n<style type=\"text\/css\" data-created_by=\"avia_inline_auto\" id=\"style-css-av-av_image-b609dc717cb738a366f8a995938501b5\">\n.avia-image-container.av-av_image-b609dc717cb738a366f8a995938501b5 img.avia_image{\nbox-shadow:none;\n}\n.avia-image-container.av-av_image-b609dc717cb738a366f8a995938501b5 .av-image-caption-overlay-center{\ncolor:#ffffff;\n}\n<\/style>\n<div  class='avia-image-container av-av_image-b609dc717cb738a366f8a995938501b5 av-styling- avia-align-center  avia-builder-el-0  el_before_av_textblock  avia-builder-el-first '   itemprop=\"image\" itemscope=\"itemscope\" itemtype=\"https:\/\/schema.org\/ImageObject\" ><div class=\"avia-image-container-inner\"><div class=\"avia-image-overlay-wrap\"><img decoding=\"async\" fetchpriority=\"high\" class='wp-image-8255 avia-img-lazy-loading-not-8255 avia_image ' src=\"https:\/\/www.adoratoriperpetui.eu\/wp-content\/uploads\/2017\/05\/images.jpg\" alt='' title='images'  height=\"183\" width=\"275\"  itemprop=\"thumbnailUrl\"  \/><\/div><\/div><\/div>\n<section  class='av_textblock_section av-av_textblock-0366cc7376be6c9e82a3e9cc8987b64f '   itemscope=\"itemscope\" itemtype=\"https:\/\/schema.org\/BlogPosting\" itemprop=\"blogPost\" ><div class='avia_textblock'  itemprop=\"text\" ><p>17. lipnja, u \u017eupi Marije Kraljice Apostola, pater Rozo Pali\u0107 odr\u017eat \u0107e jednodnevnu duhovnu obnovu. U 10.00, nakon uvodne kateheze, slijede molitva odreknu\u0107a od Zloga i grijeha, te ispovijest Vjere, a zatim pjesma i molitva za unutarnje oslobo\u0111enje. Od 11 do 13 sati pater Rozo odr\u017eat \u0107e predavanje nakon \u010dega je predvi\u0111ena pauza do 14:30.<br \/>\nPoslijepodnevni program po\u010dinje dvoiposatnim klanjanjem Presvetom Oltarskom Sakramentu, tijekom kojeg \u0107e biti Evan\u0111eoska meditacija, molitva za unutarnje iscjeljenje i ozdravljenje, pjesma klanjanja i molitva Krunice Bo\u017eanskom Milosr\u0111u. Nakon klanjanja u crkvi okupljenji vjernici imat \u0107e priliku za ispovijed, a potom slijedi pauza do 17:30. Poslije drugog predavanja patera Roze (od 17.30 do 18.30) molit \u0107e se sveta krunica, a duhovna obnova zavr\u0161ava sve\u010danim euharistijskim slavljem koje zapo\u010dinje u 19 sati.<\/p>\n<p style=\"text-align: center;\"><strong>KLIKOM NA IKONU PREUZMITE PROGRAM DUHOVNE OBNOVE U ZAPRE\u0160I\u0106U<\/strong><\/p>\n<p><center><a href=\"http:\/\/adoratoriperpetui.eu\/dokumenti\/plakat_zapresic.pdf\" target=\"_blank\" rel=\"noopener noreferrer\"><img loading=\"lazy\" decoding=\"async\" src=\"http:\/\/adoratoriperpetui.eu\/wp-content\/uploads\/2017\/05\/Preuzimanje.png\" width=\"100\" height=\"100\" border=\"0\" \/><\/a><center><\/center><\/center><\/p>\n<\/div><\/section>\n","protected":false},"excerpt":{"rendered":"","protected":false},"author":1,"featured_media":5829,"comment_status":"closed","ping_status":"closed","sticky":false,"template":"","format":"standard","meta":{"footnotes":""},"categories":[228],"tags":[],"class_list":["post-5827","post","type-post","status-publish","format-standard","has-post-thumbnail","hentry","category-novosti-i-dogadanja"],"yoast_head":"<!-- This site is optimized with the Yoast SEO plugin v27.5 - https:\/\/yoast.com\/product\/yoast-seo-wordpress\/ -->\n<title>Duhovna obnova u Zapre\u0161i\u0107u - Adoratori perpetui della Santissima Trinit\u00e0 | Trajni klanjatelji Presvetog Trojstva<\/title>\n<meta name=\"robots\" content=\"index, follow, max-snippet:-1, max-image-preview:large, max-video-preview:-1\" \/>\n<link rel=\"canonical\" href=\"https:\/\/www.adoratoriperpetui.eu\/hr\/duhovna-obnova-u-zapresicu\/\" \/>\n<meta property=\"og:locale\" content=\"hr_HR\" \/>\n<meta property=\"og:type\" content=\"article\" \/>\n<meta property=\"og:title\" content=\"Duhovna obnova u Zapre\u0161i\u0107u - Adoratori perpetui della Santissima Trinit\u00e0 | Trajni klanjatelji Presvetog Trojstva\" \/>\n<meta property=\"og:url\" content=\"https:\/\/www.adoratoriperpetui.eu\/hr\/duhovna-obnova-u-zapresicu\/\" \/>\n<meta property=\"og:site_name\" content=\"Adoratori perpetui della Santissima Trinit\u00e0 | Trajni klanjatelji Presvetog Trojstva\" \/>\n<meta property=\"article:published_time\" content=\"2017-06-12T13:08:37+00:00\" \/>\n<meta property=\"article:modified_time\" content=\"2020-06-18T23:44:40+00:00\" \/>\n<meta property=\"og:image\" content=\"https:\/\/www.adoratoriperpetui.eu\/wp-content\/uploads\/2017\/05\/images.jpg\" \/>\n\t<meta property=\"og:image:width\" content=\"275\" \/>\n\t<meta property=\"og:image:height\" content=\"183\" \/>\n\t<meta property=\"og:image:type\" content=\"image\/jpeg\" \/>\n<meta name=\"author\" content=\"rosario\" \/>\n<meta name=\"twitter:card\" content=\"summary_large_image\" \/>\n<meta name=\"twitter:label1\" content=\"Napisao\/la\" \/>\n\t<meta name=\"twitter:data1\" content=\"rosario\" \/>\n\t<meta name=\"twitter:label2\" content=\"Procijenjeno vrijeme \u010ditanja\" \/>\n\t<meta name=\"twitter:data2\" content=\"1 minuta\" \/>\n<script type=\"application\/ld+json\" class=\"yoast-schema-graph\">{\"@context\":\"https:\\\/\\\/schema.org\",\"@graph\":[{\"@type\":\"Article\",\"@id\":\"https:\\\/\\\/www.adoratoriperpetui.eu\\\/hr\\\/duhovna-obnova-u-zapresicu\\\/#article\",\"isPartOf\":{\"@id\":\"https:\\\/\\\/www.adoratoriperpetui.eu\\\/hr\\\/duhovna-obnova-u-zapresicu\\\/\"},\"author\":{\"name\":\"rosario\",\"@id\":\"https:\\\/\\\/www.adoratoriperpetui.eu\\\/#\\\/schema\\\/person\\\/54b86b8f2be0b383e4d39a2f225624f9\"},\"headline\":\"Duhovna obnova u Zapre\u0161i\u0107u\",\"datePublished\":\"2017-06-12T13:08:37+00:00\",\"dateModified\":\"2020-06-18T23:44:40+00:00\",\"mainEntityOfPage\":{\"@id\":\"https:\\\/\\\/www.adoratoriperpetui.eu\\\/hr\\\/duhovna-obnova-u-zapresicu\\\/\"},\"wordCount\":189,\"publisher\":{\"@id\":\"https:\\\/\\\/www.adoratoriperpetui.eu\\\/#organization\"},\"image\":{\"@id\":\"https:\\\/\\\/www.adoratoriperpetui.eu\\\/hr\\\/duhovna-obnova-u-zapresicu\\\/#primaryimage\"},\"thumbnailUrl\":\"https:\\\/\\\/www.adoratoriperpetui.eu\\\/wp-content\\\/uploads\\\/2017\\\/05\\\/images.jpg\",\"articleSection\":[\"NOVOSTI I DOGA\u0110ANJA\"],\"inLanguage\":\"hr\"},{\"@type\":\"WebPage\",\"@id\":\"https:\\\/\\\/www.adoratoriperpetui.eu\\\/hr\\\/duhovna-obnova-u-zapresicu\\\/\",\"url\":\"https:\\\/\\\/www.adoratoriperpetui.eu\\\/hr\\\/duhovna-obnova-u-zapresicu\\\/\",\"name\":\"Duhovna obnova u Zapre\u0161i\u0107u - Adoratori perpetui della Santissima Trinit\u00e0 | Trajni klanjatelji Presvetog Trojstva\",\"isPartOf\":{\"@id\":\"https:\\\/\\\/www.adoratoriperpetui.eu\\\/#website\"},\"primaryImageOfPage\":{\"@id\":\"https:\\\/\\\/www.adoratoriperpetui.eu\\\/hr\\\/duhovna-obnova-u-zapresicu\\\/#primaryimage\"},\"image\":{\"@id\":\"https:\\\/\\\/www.adoratoriperpetui.eu\\\/hr\\\/duhovna-obnova-u-zapresicu\\\/#primaryimage\"},\"thumbnailUrl\":\"https:\\\/\\\/www.adoratoriperpetui.eu\\\/wp-content\\\/uploads\\\/2017\\\/05\\\/images.jpg\",\"datePublished\":\"2017-06-12T13:08:37+00:00\",\"dateModified\":\"2020-06-18T23:44:40+00:00\",\"breadcrumb\":{\"@id\":\"https:\\\/\\\/www.adoratoriperpetui.eu\\\/hr\\\/duhovna-obnova-u-zapresicu\\\/#breadcrumb\"},\"inLanguage\":\"hr\",\"potentialAction\":[{\"@type\":\"ReadAction\",\"target\":[\"https:\\\/\\\/www.adoratoriperpetui.eu\\\/hr\\\/duhovna-obnova-u-zapresicu\\\/\"]}]},{\"@type\":\"ImageObject\",\"inLanguage\":\"hr\",\"@id\":\"https:\\\/\\\/www.adoratoriperpetui.eu\\\/hr\\\/duhovna-obnova-u-zapresicu\\\/#primaryimage\",\"url\":\"https:\\\/\\\/www.adoratoriperpetui.eu\\\/wp-content\\\/uploads\\\/2017\\\/05\\\/images.jpg\",\"contentUrl\":\"https:\\\/\\\/www.adoratoriperpetui.eu\\\/wp-content\\\/uploads\\\/2017\\\/05\\\/images.jpg\",\"width\":275,\"height\":183},{\"@type\":\"BreadcrumbList\",\"@id\":\"https:\\\/\\\/www.adoratoriperpetui.eu\\\/hr\\\/duhovna-obnova-u-zapresicu\\\/#breadcrumb\",\"itemListElement\":[{\"@type\":\"ListItem\",\"position\":1,\"name\":\"Home\",\"item\":\"https:\\\/\\\/www.adoratoriperpetui.eu\\\/hr\\\/pocetna\\\/\"},{\"@type\":\"ListItem\",\"position\":2,\"name\":\"Duhovna obnova u Zapre\u0161i\u0107u\"}]},{\"@type\":\"WebSite\",\"@id\":\"https:\\\/\\\/www.adoratoriperpetui.eu\\\/#website\",\"url\":\"https:\\\/\\\/www.adoratoriperpetui.eu\\\/\",\"name\":\"Adoratori perpetui della Santissima Trinit\u00e0 | Trajni klanjatelji Presvetog Trojstva\",\"description\":\"\",\"publisher\":{\"@id\":\"https:\\\/\\\/www.adoratoriperpetui.eu\\\/#organization\"},\"potentialAction\":[{\"@type\":\"SearchAction\",\"target\":{\"@type\":\"EntryPoint\",\"urlTemplate\":\"https:\\\/\\\/www.adoratoriperpetui.eu\\\/?s={search_term_string}\"},\"query-input\":{\"@type\":\"PropertyValueSpecification\",\"valueRequired\":true,\"valueName\":\"search_term_string\"}}],\"inLanguage\":\"hr\"},{\"@type\":\"Organization\",\"@id\":\"https:\\\/\\\/www.adoratoriperpetui.eu\\\/#organization\",\"name\":\"Adoratori perpetui della Santissima Trinit\u00e0\",\"url\":\"https:\\\/\\\/www.adoratoriperpetui.eu\\\/\",\"logo\":{\"@type\":\"ImageObject\",\"inLanguage\":\"hr\",\"@id\":\"https:\\\/\\\/www.adoratoriperpetui.eu\\\/#\\\/schema\\\/logo\\\/image\\\/\",\"url\":\"https:\\\/\\\/www.adoratoriperpetui.eu\\\/wp-content\\\/uploads\\\/2020\\\/06\\\/LOGO-2.png\",\"contentUrl\":\"https:\\\/\\\/www.adoratoriperpetui.eu\\\/wp-content\\\/uploads\\\/2020\\\/06\\\/LOGO-2.png\",\"width\":404,\"height\":406,\"caption\":\"Adoratori perpetui della Santissima Trinit\u00e0\"},\"image\":{\"@id\":\"https:\\\/\\\/www.adoratoriperpetui.eu\\\/#\\\/schema\\\/logo\\\/image\\\/\"}},{\"@type\":\"Person\",\"@id\":\"https:\\\/\\\/www.adoratoriperpetui.eu\\\/#\\\/schema\\\/person\\\/54b86b8f2be0b383e4d39a2f225624f9\",\"name\":\"rosario\",\"image\":{\"@type\":\"ImageObject\",\"inLanguage\":\"hr\",\"@id\":\"https:\\\/\\\/secure.gravatar.com\\\/avatar\\\/8b1fe185a40097fa2f79632b5f51480d38b8715c9252e6d73b43649badb8b6d1?s=96&d=mm&r=g\",\"url\":\"https:\\\/\\\/secure.gravatar.com\\\/avatar\\\/8b1fe185a40097fa2f79632b5f51480d38b8715c9252e6d73b43649badb8b6d1?s=96&d=mm&r=g\",\"contentUrl\":\"https:\\\/\\\/secure.gravatar.com\\\/avatar\\\/8b1fe185a40097fa2f79632b5f51480d38b8715c9252e6d73b43649badb8b6d1?s=96&d=mm&r=g\",\"caption\":\"rosario\"}}]}<\/script>\n<!-- \/ Yoast SEO plugin. -->","yoast_head_json":{"title":"Duhovna obnova u Zapre\u0161i\u0107u - Adoratori perpetui della Santissima Trinit\u00e0 | Trajni klanjatelji Presvetog Trojstva","robots":{"index":"index","follow":"follow","max-snippet":"max-snippet:-1","max-image-preview":"max-image-preview:large","max-video-preview":"max-video-preview:-1"},"canonical":"https:\/\/www.adoratoriperpetui.eu\/hr\/duhovna-obnova-u-zapresicu\/","og_locale":"hr_HR","og_type":"article","og_title":"Duhovna obnova u Zapre\u0161i\u0107u - Adoratori perpetui della Santissima Trinit\u00e0 | Trajni klanjatelji Presvetog Trojstva","og_url":"https:\/\/www.adoratoriperpetui.eu\/hr\/duhovna-obnova-u-zapresicu\/","og_site_name":"Adoratori perpetui della Santissima Trinit\u00e0 | Trajni klanjatelji Presvetog Trojstva","article_published_time":"2017-06-12T13:08:37+00:00","article_modified_time":"2020-06-18T23:44:40+00:00","og_image":[{"width":275,"height":183,"url":"https:\/\/www.adoratoriperpetui.eu\/wp-content\/uploads\/2017\/05\/images.jpg","type":"image\/jpeg"}],"author":"rosario","twitter_card":"summary_large_image","twitter_misc":{"Napisao\/la":"rosario","Procijenjeno vrijeme \u010ditanja":"1 minuta"},"schema":{"@context":"https:\/\/schema.org","@graph":[{"@type":"Article","@id":"https:\/\/www.adoratoriperpetui.eu\/hr\/duhovna-obnova-u-zapresicu\/#article","isPartOf":{"@id":"https:\/\/www.adoratoriperpetui.eu\/hr\/duhovna-obnova-u-zapresicu\/"},"author":{"name":"rosario","@id":"https:\/\/www.adoratoriperpetui.eu\/#\/schema\/person\/54b86b8f2be0b383e4d39a2f225624f9"},"headline":"Duhovna obnova u Zapre\u0161i\u0107u","datePublished":"2017-06-12T13:08:37+00:00","dateModified":"2020-06-18T23:44:40+00:00","mainEntityOfPage":{"@id":"https:\/\/www.adoratoriperpetui.eu\/hr\/duhovna-obnova-u-zapresicu\/"},"wordCount":189,"publisher":{"@id":"https:\/\/www.adoratoriperpetui.eu\/#organization"},"image":{"@id":"https:\/\/www.adoratoriperpetui.eu\/hr\/duhovna-obnova-u-zapresicu\/#primaryimage"},"thumbnailUrl":"https:\/\/www.adoratoriperpetui.eu\/wp-content\/uploads\/2017\/05\/images.jpg","articleSection":["NOVOSTI I DOGA\u0110ANJA"],"inLanguage":"hr"},{"@type":"WebPage","@id":"https:\/\/www.adoratoriperpetui.eu\/hr\/duhovna-obnova-u-zapresicu\/","url":"https:\/\/www.adoratoriperpetui.eu\/hr\/duhovna-obnova-u-zapresicu\/","name":"Duhovna obnova u Zapre\u0161i\u0107u - Adoratori perpetui della Santissima Trinit\u00e0 | Trajni klanjatelji Presvetog Trojstva","isPartOf":{"@id":"https:\/\/www.adoratoriperpetui.eu\/#website"},"primaryImageOfPage":{"@id":"https:\/\/www.adoratoriperpetui.eu\/hr\/duhovna-obnova-u-zapresicu\/#primaryimage"},"image":{"@id":"https:\/\/www.adoratoriperpetui.eu\/hr\/duhovna-obnova-u-zapresicu\/#primaryimage"},"thumbnailUrl":"https:\/\/www.adoratoriperpetui.eu\/wp-content\/uploads\/2017\/05\/images.jpg","datePublished":"2017-06-12T13:08:37+00:00","dateModified":"2020-06-18T23:44:40+00:00","breadcrumb":{"@id":"https:\/\/www.adoratoriperpetui.eu\/hr\/duhovna-obnova-u-zapresicu\/#breadcrumb"},"inLanguage":"hr","potentialAction":[{"@type":"ReadAction","target":["https:\/\/www.adoratoriperpetui.eu\/hr\/duhovna-obnova-u-zapresicu\/"]}]},{"@type":"ImageObject","inLanguage":"hr","@id":"https:\/\/www.adoratoriperpetui.eu\/hr\/duhovna-obnova-u-zapresicu\/#primaryimage","url":"https:\/\/www.adoratoriperpetui.eu\/wp-content\/uploads\/2017\/05\/images.jpg","contentUrl":"https:\/\/www.adoratoriperpetui.eu\/wp-content\/uploads\/2017\/05\/images.jpg","width":275,"height":183},{"@type":"BreadcrumbList","@id":"https:\/\/www.adoratoriperpetui.eu\/hr\/duhovna-obnova-u-zapresicu\/#breadcrumb","itemListElement":[{"@type":"ListItem","position":1,"name":"Home","item":"https:\/\/www.adoratoriperpetui.eu\/hr\/pocetna\/"},{"@type":"ListItem","position":2,"name":"Duhovna obnova u Zapre\u0161i\u0107u"}]},{"@type":"WebSite","@id":"https:\/\/www.adoratoriperpetui.eu\/#website","url":"https:\/\/www.adoratoriperpetui.eu\/","name":"Adoratori perpetui della Santissima Trinit\u00e0 | Trajni klanjatelji Presvetog Trojstva","description":"","publisher":{"@id":"https:\/\/www.adoratoriperpetui.eu\/#organization"},"potentialAction":[{"@type":"SearchAction","target":{"@type":"EntryPoint","urlTemplate":"https:\/\/www.adoratoriperpetui.eu\/?s={search_term_string}"},"query-input":{"@type":"PropertyValueSpecification","valueRequired":true,"valueName":"search_term_string"}}],"inLanguage":"hr"},{"@type":"Organization","@id":"https:\/\/www.adoratoriperpetui.eu\/#organization","name":"Adoratori perpetui della Santissima Trinit\u00e0","url":"https:\/\/www.adoratoriperpetui.eu\/","logo":{"@type":"ImageObject","inLanguage":"hr","@id":"https:\/\/www.adoratoriperpetui.eu\/#\/schema\/logo\/image\/","url":"https:\/\/www.adoratoriperpetui.eu\/wp-content\/uploads\/2020\/06\/LOGO-2.png","contentUrl":"https:\/\/www.adoratoriperpetui.eu\/wp-content\/uploads\/2020\/06\/LOGO-2.png","width":404,"height":406,"caption":"Adoratori perpetui della Santissima Trinit\u00e0"},"image":{"@id":"https:\/\/www.adoratoriperpetui.eu\/#\/schema\/logo\/image\/"}},{"@type":"Person","@id":"https:\/\/www.adoratoriperpetui.eu\/#\/schema\/person\/54b86b8f2be0b383e4d39a2f225624f9","name":"rosario","image":{"@type":"ImageObject","inLanguage":"hr","@id":"https:\/\/secure.gravatar.com\/avatar\/8b1fe185a40097fa2f79632b5f51480d38b8715c9252e6d73b43649badb8b6d1?s=96&d=mm&r=g","url":"https:\/\/secure.gravatar.com\/avatar\/8b1fe185a40097fa2f79632b5f51480d38b8715c9252e6d73b43649badb8b6d1?s=96&d=mm&r=g","contentUrl":"https:\/\/secure.gravatar.com\/avatar\/8b1fe185a40097fa2f79632b5f51480d38b8715c9252e6d73b43649badb8b6d1?s=96&d=mm&r=g","caption":"rosario"}}]}},"_links":{"self":[{"href":"https:\/\/www.adoratoriperpetui.eu\/hr\/wp-json\/wp\/v2\/posts\/5827","targetHints":{"allow":["GET"]}}],"collection":[{"href":"https:\/\/www.adoratoriperpetui.eu\/hr\/wp-json\/wp\/v2\/posts"}],"about":[{"href":"https:\/\/www.adoratoriperpetui.eu\/hr\/wp-json\/wp\/v2\/types\/post"}],"author":[{"embeddable":true,"href":"https:\/\/www.adoratoriperpetui.eu\/hr\/wp-json\/wp\/v2\/users\/1"}],"replies":[{"embeddable":true,"href":"https:\/\/www.adoratoriperpetui.eu\/hr\/wp-json\/wp\/v2\/comments?post=5827"}],"version-history":[{"count":0,"href":"https:\/\/www.adoratoriperpetui.eu\/hr\/wp-json\/wp\/v2\/posts\/5827\/revisions"}],"wp:featuredmedia":[{"embeddable":true,"href":"https:\/\/www.adoratoriperpetui.eu\/hr\/wp-json\/wp\/v2\/media\/5829"}],"wp:attachment":[{"href":"https:\/\/www.adoratoriperpetui.eu\/hr\/wp-json\/wp\/v2\/media?parent=5827"}],"wp:term":[{"taxonomy":"category","embeddable":true,"href":"https:\/\/www.adoratoriperpetui.eu\/hr\/wp-json\/wp\/v2\/categories?post=5827"},{"taxonomy":"post_tag","embeddable":true,"href":"https:\/\/www.adoratoriperpetui.eu\/hr\/wp-json\/wp\/v2\/tags?post=5827"}],"curies":[{"name":"wp","href":"https:\/\/api.w.org\/{rel}","templated":true}]}}